{"id":2891,"date":"2019-09-07T17:41:35","date_gmt":"2019-09-07T17:41:35","guid":{"rendered":"https:\/\/www.partidocolombiarenaciente.co\/web\/?p=2891"},"modified":"2023-01-25T18:12:09","modified_gmt":"2023-01-25T18:12:09","slug":"circular-004","status":"publish","type":"post","link":"https:\/\/www.partidocolombiarenaciente.co\/web\/2019\/09\/07\/circular-004\/","title":{"rendered":"Circular 004"},"content":{"rendered":"<p style=\"text-align:center\">CIRCULAR 004 <\/p><p>Mediante la cual se imparten instrucciones a los candidatos a las distintas corporaciones del Partido Colombia Renaciente en todo el territorio nacional, respecto al uso de la publicidad pol\u00edtica y propaganda electoral autorizada para las campa\u00f1as de quienes participar\u00e1n en las elecciones de Alcald\u00edas, Gobernaciones, Concejos, Asambleas y Juntas Administradoras Locales el pr\u00f3ximo 27 de octubre de 2019. <\/p><p>Inicialmente, cabe indicar que en el art\u00edculo 24 de la Ley 130 de 1994 se define como propaganda electoral \u201ctoda aquella que realicen los partidos, movimientos pol\u00edticos y candidatos a cargos de elecci\u00f3n popular y las personas que los apoyen, con el fin de obtener apoyo electoral\u201d. El art\u00edculo 29 de esa ley determina que corresponde a los Alcaldes y Registradores Municipales regular la forma y caracter\u00edsticas, lugares y condiciones para la fijaci\u00f3n todo tipo de publicidad electoral, \u201ccon el fin de garantizar el acceso equitativo de los partidos\u201d. <\/p><p>En estas disposiciones legales, ampliadas en la Ley 1475 de 2011 \u2013se establece que son las Alcald\u00edas municipales las responsables de regular, mediante decreto, el uso de la publicidad pol\u00edtica exterior.   <\/p><p>En el mismo sentido, indica la Ley 1475 de 2011 sobre la propaganda electoral y del acceso a los medios de comunicaci\u00f3n en su Art\u00edculo 35 que: Enti\u00e9ndase por propaganda electoral toda forma de publicidad realizada con el fin de obtener el voto de los ciudadanos a favor de partidos o movimientos pol\u00edticos, listas o candidatos a cargos o corporacIones p\u00fablicas de elecci\u00f3n popular, del voto en blanco, o de una opci\u00f3n en los mecanismos de partidpaci\u00f3n dudadana. la propaganda a trav\u00e9s de los medios de comunicaci\u00f3n social y del espado p\u00fablico, \u00fanicamente podr\u00e1 realizarse dentro de los sesenta (60) d\u00edas anteriores a la fecha de la respectiva votaci\u00f3n, y la que se realice empleando el espacio p\u00fablico podr\u00e1 realizarse\u00b7dentro de los tres (3) meses anteriores a la fecha de la respectiva votaci\u00f3n. En la propaganda electoral s\u00f3lo podr\u00e1n utilizarse los<\/p><p>s\u00edmbolos, emblemas o logotipos previamente registrados ante el Consejo Nacional Electoral por los partidos, movimientos pol\u00edticos, grupos significativos de ciudadanos, coaliciones o comit\u00e9s de promotores, los cuales no podr\u00e1n incluir o reproducir los s\u00edmbolos patrios, los de otros partidos o movimientos pol\u00edticos, ni ser iguales o generar confusi\u00f3n con otros previamente registrados.(subrayado hecho por el Partido) <\/p><p>As\u00ed mismo, en el Art\u00edculo 37 Cap\u00edtulo III de la Ley 1475 de 2011 se establece que: \u201cEl Consejo Nacional Electoral se\u00f1alar\u00e1 el n\u00famero y duraci\u00f3n de emisiones en radio y televisi\u00f3n, el n\u00famero y tama\u00f1o de avisos en publicaciones escritas y de vallas, que pueden tener en cada campa\u00f1a los partidos, movimientos y grupos significativos de ciudadanos que hayan inscrito candidatos\u201d <\/p><p>Teniendo en cuenta estas disposiciones legales, el Partido Colombia Renaciente se permite informar a todos sus candidatos en el territorio nacional que la distribuci\u00f3n de la publicidad exterior y de propaganda pol\u00edtica para las campa\u00f1as en 2019 se encuentra contenida en la RESOLUCI\u00d3N No.0715 de 2019 del Consejo Nacional Electoral CNE y se reglamenta en cada municipio a trav\u00e9s de los decretos expedidos por las Alcald\u00edas. <\/p><p>En ese sentido, la resoluci\u00f3n No.0715 de 2019 establece los topes de publicidad exterior, avisos en prensa y cu\u00f1as radials con las siguientes disposiciones: <\/p><table class=\"wp-block-table\"><tbody><tr><td>Categor\u00eda &#8211; Municipio<\/td><td>Cu\u00f1as autorizadas y tiempos m\u00e1ximos<\/td><\/tr><tr><td>Sexta, quinta y cuarta categor\u00eda<\/td><td>Hasta 30 cu\u00f1as radiales diarias, de m\u00e1ximo 15 segundos<\/td><\/tr><tr><td>Tercera y segunda categor\u00eda<\/td><td>Hasta 40 cu\u00f1as radiales diarias, de m\u00e1ximo 20 segundos<\/td><\/tr><tr><td>Primera categor\u00eda<\/td><td>Hasta 50 cu\u00f1as radiales diarias, de m\u00e1ximo 25 segundos<\/td><\/tr><tr><td>Categor\u00eda especial<\/td><td>Hasta 60 cu\u00f1as radiales diarias, de m\u00e1ximo 30 segundos<\/td><\/tr><tr><td>En el Distrito Capital<\/td><td>Hasta 70 cu\u00f1as radiales diarias, de<br> m\u00e1ximo 30 segundos<\/td><\/tr><\/tbody><\/table><p><strong>NOTA:<\/strong> Las cu\u00f1as radiales diarias podr\u00e1n ser contratadas en una o varias emisoras en<br> cada municipio o distrito, sin exceder el total del n\u00famero diario autorizado y en ning\u00fan<br> caso las cu\u00f1as no emitidas ser\u00e1n acumulables para otra fecha contratada.<\/p><p>VALLAS PUBLICITARIAS<\/p><table class=\"wp-block-table\"><tbody><tr><td> <br>Categor\u00eda &#8211; Municipio <\/td><td>No. Vallas m\u00e1ximo autorizado<\/td><\/tr><tr><td> <br>Sexta, quinta y cuarta categor\u00eda <\/td><td>Hasta 8 vallas autorizadas por partido<\/td><\/tr><tr><td> <br>Tercera y segunda categor\u00eda <\/td><td>Hasta 12 vallas autorizadas por partido<\/td><\/tr><tr><td> <br>Primera categor\u00eda <\/td><td>Hasta 14 vallas autorizadas por partido<\/td><\/tr><tr><td>Categor\u00eda Especial<\/td><td>Hasta 20 vallas autorizadas por partido<\/td><\/tr><tr><td> <br>En el Distrito Capital <\/td><td>Hasta 30 vallas autorizadas por partido<\/td><\/tr><\/tbody><\/table><p>Las vallas autorizadas tendr\u00e1n un \u00e1rea m\u00e1xima de cuarenta y ocho metros cuadrados<br> (48mts2)<\/p><p>AVISOS EN MEDIOS IMPRESOS <\/p><table class=\"wp-block-table\"><tbody><tr><td> <br>Categor\u00eda &#8211; Municipio <\/td><td>AVISOS Prensa<\/td><\/tr><tr><td> <br>Sexta, quinta y cuarta categor\u00eda <\/td><td>M\u00e1ximo 4 avisos por edici\u00f3n de m\u00e1ximo una p\u00e1gina<\/td><\/tr><tr><td> <br>Tercera y segunda categor\u00eda <\/td><td>M\u00e1ximo 6 avisos por edici\u00f3n de m\u00e1ximo una p\u00e1gina<\/td><\/tr><tr><td> <br>Primera categor\u00eda <\/td><td>M\u00e1ximo 8 avisos por edici\u00f3n de m\u00e1ximo una p\u00e1gina<\/td><\/tr><tr><td>Categor\u00eda Especial<\/td><td>M\u00e1ximo 10 avisos por edici\u00f3n de m\u00e1ximo una p\u00e1gina<\/td><\/tr><tr><td> <br>En el Distrito Capital <\/td><td>M\u00e1ximo 12 avisos por edici\u00f3n de m\u00e1ximo una p\u00e1gina<\/td><\/tr><\/tbody><\/table><p>Las personas que apoyen candidatos y pretendan hacer en su favor propaganda electoral,<br> deber\u00e1n coordinar con las campa\u00f1as a efectos de respetar los l\u00edmites a las cantidades<br> consignadas en la RESOLUCI\u00d3N No.0715 de 2019 y en esta circular; as\u00ed como, la normatividad que establezca cada municipio. En todos los casos deber\u00e1n incluir la misma<br>\ncomo donaci\u00f3n en el informe de ingresos y gastos de campa\u00f1a.<br>\nLos medios de comunicaci\u00f3n y empresas de publicidad deber\u00e1n informar al Consejo<br>\nNacional Electorial CNE acerca de la propaganda electoral contratada con ellos por parte<br>\nde los Partidos Pol\u00edticos a trav\u00e9s de sus candidatos y deber\u00e1 contener la siguiente<br>\ninformaci\u00f3n:<\/p><ul><li>Identificaci\u00f3n del medio de comunicaci\u00f3n social con nombre y NIT<\/li><li>N\u00famero de piezas publicitarias contratadas<\/li><li>Partido<\/li><li>Nombre del Candidato<\/li><li>Tipo de propaganda<\/li><li>Corporaci\u00f3n a la que aspira el candidato<\/li><li>Costo commercial de la divulgaci\u00f3n<\/li><li>Fechas y horarios de publicaci\u00f3n<\/li><li>Ubicaci\u00f3n de cada una de las vallas contratadas e instaladas<\/li><li>Indicar si se realizaron descuentos respecto al valor comercial<\/li><\/ul><p>  As\u00ed mismo, deber\u00e1n certificar el valor comercial de cada cu\u00f1a, aviso y valla publicitaria<br> contratados, indicando el valor por fracci\u00f3n de tiempo o franja de emisi\u00f3n, si existieron<br> descuentos por volumen, frecuencia de emisi\u00f3n o tarifas diferenciales deber\u00e1 quedar<br> registrado. Dicha informaci\u00f3n ser\u00e1 requerida al momento de registrar las cifras de gastos<br> de campa\u00f1a en el portal www.cnecuentasclaras.com<br> El Partido Colombia Renaciente har\u00e1 entrega a cada candidato, que as\u00ed lo solicite, de la<br> delegaci\u00f3n ante la Alcald\u00eda municipal que corresponda para que adelante los tr\u00e1mites<br> administrativos requeridos para la autorizaci\u00f3n de la publicidad exterior y la propaganda<br> pol\u00edtica en cada municipio. <\/p><p>La solicitud de dicha delegaci\u00f3n la podr\u00e1 realizar escribiendo al correo electr\u00f3nico<br> prensa.partidorenaciente@gmail.com (correo exclusivo para solicitar dicha delegaci\u00f3n)<br> indicando la distribuci\u00f3n que har\u00e1 de los espacios publicitario entre todos los candidatos<br> del Partido Colombia Renaciente en su jurisdicci\u00f3n.<\/p><p><br> Se firma en Cali a los 22 d\u00edas del mes de agosto de 2019,<\/p><figure class=\"wp-block-image\"><img fetchpriority=\"high\" decoding=\"async\" width=\"819\" height=\"464\" src=\"https:\/\/www.partidocolombiarenaciente.co\/web\/wp-content\/uploads\/2019\/09\/image.png\" alt=\"Circular 004\" class=\"wp-image-2892\" srcset=\"https:\/\/www.partidocolombiarenaciente.co\/web\/wp-content\/uploads\/2019\/09\/image.png 819w, https:\/\/www.partidocolombiarenaciente.co\/web\/wp-content\/uploads\/2019\/09\/image-600x340.png 600w, https:\/\/www.partidocolombiarenaciente.co\/web\/wp-content\/uploads\/2019\/09\/image-300x170.png 300w, https:\/\/www.partidocolombiarenaciente.co\/web\/wp-content\/uploads\/2019\/09\/image-768x435.png 768w\" sizes=\"(max-width: 819px) 100vw, 819px\" \/><\/figure><div class=\"wp-block-file\"><a href=\"https:\/\/www.partidocolombiarenaciente.co\/web\/wp-content\/uploads\/2019\/09\/resolucion-0261-2019-PUBLICIDAD-ELECCIONES.pdf\">resolucion-0261-2019 PUBLICIDAD ELECCIONES<\/a><a href=\"https:\/\/www.partidocolombiarenaciente.co\/web\/wp-content\/uploads\/2019\/09\/resolucion-0261-2019-PUBLICIDAD-ELECCIONES.pdf\" class=\"wp-block-file__button\" download>Descarga<\/a><\/div><div class=\"wp-block-file\"><a href=\"https:\/\/www.partidocolombiarenaciente.co\/web\/wp-content\/uploads\/2019\/09\/resolucion-0715-2019-PUBLICIDAD-ELECCIONES-2019.pdf\">resolucion-0715-2019 PUBLICIDAD ELECCIONES 2019<\/a><a href=\"https:\/\/www.partidocolombiarenaciente.co\/web\/wp-content\/uploads\/2019\/09\/resolucion-0715-2019-PUBLICIDAD-ELECCIONES-2019.pdf\" class=\"wp-block-file__button\" download>Descarga<\/a><\/div><div class=\"wp-block-file\"><a href=\"https:\/\/www.partidocolombiarenaciente.co\/web\/wp-content\/uploads\/2019\/09\/resolucion-1711-mayo-2019-Sobre-acceso-personas-hipoacusia.pdf\">resolucion-1711-mayo-2019 Sobre acceso personas hipoacusia<\/a><a href=\"https:\/\/www.partidocolombiarenaciente.co\/web\/wp-content\/uploads\/2019\/09\/resolucion-1711-mayo-2019-Sobre-acceso-personas-hipoacusia.pdf\" class=\"wp-block-file__button\" download>Descarga<\/a><\/div><div class=\"wp-block-file\"><a href=\"https:\/\/www.partidocolombiarenaciente.co\/web\/wp-content\/uploads\/2019\/09\/Resolucion_350_2016_ANTV_compressed.pdf\">Resolucion_350_2016_ANTV_compressed<\/a><a href=\"https:\/\/www.partidocolombiarenaciente.co\/web\/wp-content\/uploads\/2019\/09\/Resolucion_350_2016_ANTV_compressed.pdf\" class=\"wp-block-file__button\" download>Descarga<\/a><\/div>","protected":false},"excerpt":{"rendered":"<p>CIRCULAR 004 Mediante la cual se imparten instrucciones a los candidatos a las distintas corporaciones del Partido Colombia Renaciente en todo el territorio nacional, respecto al uso de la publicidad pol\u00edtica y propaganda electoral autorizada para las campa\u00f1as de quienes participar\u00e1n en las elecciones de Alcald\u00edas, Gobernaciones, Concejos, Asambleas y Juntas Administradoras Locales el pr\u00f3ximo [&hellip;]<\/p>\n","protected":false},"author":2,"featured_media":2700,"comment_status":"open","ping_status":"open","sticky":false,"template":"","format":"standard","meta":{"_monsterinsights_skip_tracking":false,"_monsterinsights_sitenote_active":false,"_monsterinsights_sitenote_note":"","_monsterinsights_sitenote_category":0,"site-sidebar-layout":"default","site-content-layout":"default","ast-site-content-layout":"","site-content-style":"default","site-sidebar-style":"default","ast-global-header-display":"","ast-banner-title-visibility":"","ast-main-header-display":"","ast-hfb-above-header-display":"","ast-hfb-below-header-display":"","ast-hfb-mobile-header-display":"","site-post-title":"","ast-breadcrumbs-content":"","ast-featured-img":"","footer-sml-layout":"","theme-transparent-header-meta":"default","adv-header-id-meta":"","stick-header-meta":"default","header-above-stick-meta":"","header-main-stick-meta":"","header-below-stick-meta":"","astra-migrate-meta-layouts":"default","ast-page-background-enabled":"default","ast-page-background-meta":{"desktop":{"background-color":"","background-image":"","background-repeat":"repeat","background-position":"center center","background-size":"auto","background-attachment":"scroll","background-type":"","background-media":"","overlay-type":"","overlay-color":"","overlay-opacity":"","overlay-gradient":""},"tablet":{"background-color":"","background-image":"","background-repeat":"repeat","background-position":"center center","background-size":"auto","background-attachment":"scroll","background-type":"","background-media":"","overlay-type":"","overlay-color":"","overlay-opacity":"","overlay-gradient":""},"mobile":{"background-color":"","background-image":"","background-repeat":"repeat","background-position":"center center","background-size":"auto","background-attachment":"scroll","background-type":"","background-media":"","overlay-type":"","overlay-color":"","overlay-opacity":"","overlay-gradient":""}},"ast-content-background-meta":{"desktop":{"background-color":"var(--ast-global-color-5)","background-image":"","background-repeat":"repeat","background-position":"center center","background-size":"auto","background-attachment":"scroll","background-type":"","background-media":"","overlay-type":"","overlay-color":"","overlay-opacity":"","overlay-gradient":""},"tablet":{"background-color":"var(--ast-global-color-5)","background-image":"","background-repeat":"repeat","background-position":"center center","background-size":"auto","background-attachment":"scroll","background-type":"","background-media":"","overlay-type":"","overlay-color":"","overlay-opacity":"","overlay-gradient":""},"mobile":{"background-color":"var(--ast-global-color-5)","background-image":"","background-repeat":"repeat","background-position":"center center","background-size":"auto","background-attachment":"scroll","background-type":"","background-media":"","overlay-type":"","overlay-color":"","overlay-opacity":"","overlay-gradient":""}},"footnotes":""},"categories":[23],"tags":[],"aioseo_notices":[],"_links":{"self":[{"href":"https:\/\/www.partidocolombiarenaciente.co\/web\/wp-json\/wp\/v2\/posts\/2891"}],"collection":[{"href":"https:\/\/www.partidocolombiarenaciente.co\/web\/wp-json\/wp\/v2\/posts"}],"about":[{"href":"https:\/\/www.partidocolombiarenaciente.co\/web\/wp-json\/wp\/v2\/types\/post"}],"author":[{"embeddable":true,"href":"https:\/\/www.partidocolombiarenaciente.co\/web\/wp-json\/wp\/v2\/users\/2"}],"replies":[{"embeddable":true,"href":"https:\/\/www.partidocolombiarenaciente.co\/web\/wp-json\/wp\/v2\/comments?post=2891"}],"version-history":[{"count":4,"href":"https:\/\/www.partidocolombiarenaciente.co\/web\/wp-json\/wp\/v2\/posts\/2891\/revisions"}],"predecessor-version":[{"id":2915,"href":"https:\/\/www.partidocolombiarenaciente.co\/web\/wp-json\/wp\/v2\/posts\/2891\/revisions\/2915"}],"wp:featuredmedia":[{"embeddable":true,"href":"https:\/\/www.partidocolombiarenaciente.co\/web\/wp-json\/wp\/v2\/media\/2700"}],"wp:attachment":[{"href":"https:\/\/www.partidocolombiarenaciente.co\/web\/wp-json\/wp\/v2\/media?parent=2891"}],"wp:term":[{"taxonomy":"category","embeddable":true,"href":"https:\/\/www.partidocolombiarenaciente.co\/web\/wp-json\/wp\/v2\/categories?post=2891"},{"taxonomy":"post_tag","embeddable":true,"href":"https:\/\/www.partidocolombiarenaciente.co\/web\/wp-json\/wp\/v2\/tags?post=2891"}],"curies":[{"name":"wp","href":"https:\/\/api.w.org\/{rel}","templated":true}]}}